{"id":737,"date":"2024-05-23T20:54:00","date_gmt":"2024-05-23T20:54:00","guid":{"rendered":"https:\/\/www.sanborns.com\/es-us\/blog\/?p=737"},"modified":"2025-11-25T18:03:51","modified_gmt":"2025-11-25T18:03:51","slug":"importacion-definitiva-de-vehiculos-usados-a-mexico-sanborns","status":"publish","type":"post","link":"https:\/\/www.sanborns.com\/es-us\/blog\/importacion-definitiva-de-vehiculos-usados-a-mexico-sanborns\/","title":{"rendered":"Importaci\u00f3n definitiva de veh\u00edculos usados a M\u00e9xico | Sanborns"},"content":{"rendered":"        <div class=\"o-component s-cms-content\" id=\"acf-cms-content-block_2bb0210e36329ee079b48e02ec123e54\">\r\n                       <p data-ada-original-font-size=\"14\" data-ada-original-font-weight=\"400\"><span data-ada-original-font-size=\"14\" data-ada-original-font-weight=\"400\" data-ada-not-tabbable=\"true\">Seg\u00fan el art\u00edculo 6 de la Reforma al Decreto<\/span><span data-ada-original-font-size=\"14\" data-ada-original-font-weight=\"400\" data-ada-not-tabbable=\"true\">, para realizar la\u00a0<strong data-ada-original-font-size=\"14\">importaci\u00f3n definitiva de veh\u00edculos usados a M\u00e9xico<\/strong>, deber\u00e1s:<\/span><\/p>\n<ul>\n<li data-ada-original-font-size=\"14\" data-ada-original-font-weight=\"400\"><span data-ada-original-font-size=\"14\" data-ada-original-font-weight=\"400\" data-ada-not-tabbable=\"true\">Presentarte como propietario a los m\u00f3dulos del Registro P\u00fablico Vehicular de la entidad federativa correspondiente.<\/span><\/li>\n<li data-ada-original-font-size=\"14\" data-ada-original-font-weight=\"400\"><span data-ada-original-font-size=\"14\" data-ada-original-font-weight=\"400\" data-ada-not-tabbable=\"true\">Solicitar una cita mediante el sistema de citas electr\u00f3nico a trav\u00e9s de\u00a0<\/span><span data-ada-original-font-size=\"14\" data-ada-original-font-weight=\"400\"><a href=\"https:\/\/regularizaauto.sspc.gob.mx.\/\" data-ada-original-font-size=\"14\" data-ada-original-font-weight=\"400\" target=\"_blank\" rel=\"noopener\">https:\/\/regularizaauto.sspc.gob.mx.<\/a><\/span><\/li>\n<li data-ada-original-font-size=\"14\" data-ada-original-font-weight=\"400\"><span data-ada-original-font-size=\"14\" data-ada-original-font-weight=\"400\" data-ada-not-tabbable=\"true\">Realizar\u00a0<\/span><span data-ada-original-font-size=\"14\" data-ada-original-font-weight=\"400\" data-ada-not-tabbable=\"true\">la\u00a0<\/span><span data-ada-original-font-size=\"14\" data-ada-original-font-weight=\"400\"><a href=\"https:\/\/www.gob.mx\/cms\/uploads\/attachment\/file\/710351\/MANIFIESTO_DECIR_VERDAD_v2.pdf\" data-ada-original-font-size=\"14\" data-ada-original-font-weight=\"400\" target=\"_blank\" rel=\"noopener\">manifestaci\u00f3n bajo protesta de\u00a0decir verdad<\/a><\/span><span data-ada-original-font-size=\"14\" data-ada-original-font-weight=\"400\" data-ada-not-tabbable=\"true\">\u00a0junto los documentos que correspondan.<\/span><\/li>\n<li data-ada-original-font-size=\"14\" data-ada-original-font-weight=\"400\"><span data-ada-original-font-size=\"14\" data-ada-original-font-weight=\"400\" data-ada-not-tabbable=\"true\">Enviar\u00a0<\/span><span data-ada-original-font-size=\"14\" data-ada-original-font-weight=\"400\"><a href=\"https:\/\/pccem.mat.sat.gob.mx\/PTSC\/cet\/FmpceContr\/faces\/resources\/pages\/pagos\/formularioMultiplePago.jsf\" data-ada-original-font-size=\"14\" data-ada-original-font-weight=\"400\" target=\"_blank\" rel=\"noopener\">el formulario m\u00faltiple de\u00a0pago de comercio exterior<\/a><\/span><span data-ada-original-font-size=\"14\" data-ada-original-font-weight=\"400\" data-ada-not-tabbable=\"true\">\u00a0de forma electr\u00f3nica junto con la constancia de pago del aprovechamiento de $2,500.00 (dos mil quinientos pesos 00\/100 M.N.)<\/span><\/li>\n<\/ul>\n<p data-ada-original-font-size=\"14\" data-ada-original-font-weight=\"400\"><span data-ada-original-font-size=\"14\" data-ada-original-font-weight=\"400\" data-ada-not-tabbable=\"true\">Una vez que el Registro P\u00fablico Vehicular reciba los documentos, los remitir\u00e1 de inmediato v\u00eda electr\u00f3nica a la Agencia Nacional de Aduanas de M\u00e9xico. Con lo cual se dar\u00e1 por acreditada la importaci\u00f3n y legal estancia en\u00a0el pa\u00eds de los veh\u00edculos inscritos.<\/span><\/p>\n<p data-ada-original-font-size=\"14\" data-ada-original-font-weight=\"400\"><span data-ada-original-font-size=\"14\" data-ada-original-font-weight=\"400\" data-ada-not-tabbable=\"true\">Conoce con Sanborns qu\u00e9 es la importaci\u00f3n definitiva de veh\u00edculos usados a M\u00e9xico. Te decimos cu\u00e1nto cuesta realizar el tr\u00e1mite, en qu\u00e9 estados se puede hacer y c\u00f3mo es el proceso para el SAT importaci\u00f3n definitiva de veh\u00edculos.<\/span><\/p>\n<h2 data-ada-original-font-size=\"22\" data-ada-original-font-weight=\"500\" data-ada-not-tabbable=\"true\"><span data-ada-original-font-size=\"22\" data-ada-original-font-weight=\"500\" data-ada-not-tabbable=\"true\">Importaci\u00f3n definitiva de veh\u00edculos usados a M\u00e9xico<\/span><\/h2>\n<p data-ada-original-font-size=\"14\" data-ada-original-font-weight=\"400\"><strong data-ada-original-font-size=\"14\"><span data-ada-original-font-size=\"14\" data-ada-not-tabbable=\"true\">\u00bfQu\u00e9 es el Registro P\u00fablico Vehicular?<\/span><\/strong><\/p>\n<p data-ada-original-font-size=\"14\" data-ada-original-font-weight=\"400\"><span data-ada-original-font-size=\"14\" data-ada-original-font-weight=\"400\" data-ada-not-tabbable=\"true\">El Registro P\u00fablico Vehicular es un instrumento de informaci\u00f3n del Sistema Nacional de Seguridad P\u00fablica aplicable en todo el territorio nacional, que tiene como fin otorgar seguridad p\u00fablica y jur\u00eddica a los actos que se realicen con veh\u00edculos, y que resulta aplicable a la identificaci\u00f3n y control de las importaciones de autom\u00f3viles a territorio nacional.<\/span><\/p>\n<p data-ada-original-font-size=\"14\" data-ada-original-font-weight=\"400\"><span data-ada-original-font-size=\"14\" data-ada-original-font-weight=\"400\" data-ada-not-tabbable=\"true\">Este proceso se llevar\u00e1 a cabo sin\u00a0<\/span><span data-ada-original-font-size=\"14\" data-ada-original-font-weight=\"400\" data-ada-not-tabbable=\"true\">que se requiera certificado de\u00a0origen, permiso previo de la Secretar\u00eda de Econom\u00eda, intervenci\u00f3n de agente aduanal, agencia aduanal,\u00a0apoderado aduanal o de cualquier otro intermediario, ni inscripci\u00f3n previa en el Padr\u00f3n de Importadores.<\/span><\/p>\n<p data-ada-original-font-size=\"14\" data-ada-original-font-weight=\"400\"><strong data-ada-original-font-size=\"14\"><span data-ada-original-font-size=\"14\" data-ada-not-tabbable=\"true\">\u00bfEn qu\u00e9 casos es recomendable hacer el tr\u00e1mite de importaci\u00f3n definitiva de veh\u00edculos usados a M\u00e9xico?<\/span><\/strong><\/p>\n<ul>\n<li data-ada-original-font-size=\"14\" data-ada-original-font-weight=\"400\"><span data-ada-original-font-size=\"14\" data-ada-original-font-weight=\"400\" data-ada-not-tabbable=\"true\">Est\u00e1s considerando mudarte a M\u00e9xico en un futuro cercano, o tal vez encontraste el veh\u00edculo perfecto justo al otro lado de la frontera con Estados Unidos.<\/span><\/li>\n<li data-ada-original-font-size=\"14\" data-ada-original-font-weight=\"400\"><span data-ada-original-font-size=\"14\" data-ada-original-font-weight=\"400\" data-ada-not-tabbable=\"true\">Te encuentras residiendo de forma permanente en M\u00e9xico con un auto con placa extranjera y tienes 180 d\u00edas para importar el auto legalmente.<\/span><\/li>\n<li data-ada-original-font-size=\"14\" data-ada-original-font-weight=\"400\"><span data-ada-original-font-size=\"14\" data-ada-original-font-weight=\"400\" data-ada-not-tabbable=\"true\">Si vas y vienes muy frecuentemente a M\u00e9xico e importas tu auto desde Estados Unidos o Canad\u00e1, disminuyes su valor y lo haces inasegurable en los pa\u00edses del norte por colisi\u00f3n y robo por el resto de su vida.<\/span><\/li>\n<\/ul>\n<p data-ada-original-font-size=\"14\" data-ada-original-font-weight=\"400\"><strong data-ada-original-font-size=\"14\"><span data-ada-original-font-size=\"14\" data-ada-not-tabbable=\"true\">\u00bfEn qu\u00e9 estados se puede realizar la regularizaci\u00f3n de veh\u00edculos extranjeros?<\/span><\/strong><\/p>\n<p data-ada-original-font-size=\"14\" data-ada-original-font-weight=\"400\"><span data-ada-original-font-size=\"14\" data-ada-original-font-weight=\"400\" data-ada-not-tabbable=\"true\">Seg\u00fan el art\u00edculo 1 de la Reforma al Decreto de importaci\u00f3n de veh\u00edculos usados 2021, los estados en donde se puede realizar la regularizaci\u00f3n de veh\u00edculos extranjeros son:<\/span><\/p>\n<p data-ada-original-font-size=\"14\" data-ada-original-font-weight=\"400\"><span data-ada-original-font-size=\"14\" data-ada-original-font-weight=\"400\" data-ada-not-tabbable=\"true\">Baja California, Baja California\u00a0Sur, Chihuahua, Coahuila de Zaragoza, Durango, Jalisco, Michoac\u00e1n de Ocampo, Nayarit, Nuevo Le\u00f3n,\u00a0Puebla, Sinaloa, Sonora, Tamaulipas y Zacatecas.<\/span><\/p>\n<p data-ada-original-font-size=\"14\" data-ada-original-font-weight=\"400\"><strong data-ada-original-font-size=\"14\"><span data-ada-original-font-size=\"14\" data-ada-not-tabbable=\"true\">\u00bfQu\u00e9 requisitos debe cumplir un veh\u00edculo para ser importado?<\/span><\/strong><\/p>\n<ul>\n<li data-ada-original-font-size=\"14\" data-ada-original-font-weight=\"400\"><span data-ada-original-font-size=\"14\" data-ada-original-font-weight=\"400\" data-ada-not-tabbable=\"true\">El veh\u00edculo debe estar en perfectas condiciones de funcionamiento, <\/span><span data-ada-original-font-size=\"14\" data-ada-original-font-weight=\"400\" data-ada-not-tabbable=\"true\">no tener ning\u00fan gravamen y tener un t\u00edtulo limpio (no veh\u00edculos de salvamento).<\/span><\/li>\n<li data-ada-original-font-size=\"14\" data-ada-original-font-weight=\"400\"><span data-ada-original-font-size=\"14\" data-ada-original-font-weight=\"400\" data-ada-not-tabbable=\"true\">Puedes importar un auto de Canad\u00e1 si nunca se ha matriculado en ese pa\u00eds.<\/span><\/li>\n<li data-ada-original-font-size=\"14\" data-ada-original-font-weight=\"400\"><span data-ada-original-font-size=\"14\" data-ada-original-font-weight=\"400\" data-ada-not-tabbable=\"true\">Los autos, camiones, todoterrenos, motocicletas y furgonetas deben haber sido fabricados en Norteam\u00e9rica. La \u00fanica excepci\u00f3n a esta regla son los autos cl\u00e1sicos (de 30 a\u00f1os o m\u00e1s). Pueden ser de cualquier pa\u00eds de origen.<\/span><\/li>\n<\/ul>\n<h3 data-ada-original-font-size=\"19\" data-ada-original-font-weight=\"500\" data-ada-not-tabbable=\"true\"><span data-ada-original-font-size=\"19\" data-ada-original-font-weight=\"500\" data-ada-not-tabbable=\"true\">Requisitos para la importaci\u00f3n de veh\u00edculos usados<\/span><\/h3>\n<p data-ada-original-font-size=\"14\" data-ada-original-font-weight=\"400\"><strong data-ada-original-font-size=\"14\"><span data-ada-original-font-size=\"14\" data-ada-not-tabbable=\"true\">Estos son los requisitos para hacer la regularizaci\u00f3n de veh\u00edculos en M\u00e9xico:<\/span><\/strong><\/p>\n<ul>\n<li data-ada-original-font-size=\"14\" data-ada-original-font-weight=\"400\"><span data-ada-original-font-size=\"14\" data-ada-original-font-weight=\"400\" data-ada-not-tabbable=\"true\">El a\u00f1o\/modelo del veh\u00edculo sea de\u00a08 o m\u00e1s a\u00f1os\u00a0anteriores al a\u00f1o en que se realice la importaci\u00f3n. Es decir que debe ser de 2018 y anteriores.<\/span><\/li>\n<li data-ada-original-font-size=\"14\" data-ada-original-font-weight=\"400\"><span data-ada-original-font-size=\"14\" data-ada-original-font-weight=\"400\" data-ada-not-tabbable=\"true\">El veh\u00edculo a regularizar debe ser de una hasta diez personas m\u00e1ximo (incluido el conductor).<\/span><\/li>\n<li data-ada-original-font-size=\"14\" data-ada-original-font-weight=\"400\"><span data-ada-original-font-size=\"14\" data-ada-original-font-weight=\"400\" data-ada-not-tabbable=\"true\">El propietario que realice el tr\u00e1mite de regularizaci\u00f3n debe ser una persona f\u00edsica, mayor de edad, residente en\u00a0el territorio de los estados de Baja California, Baja California Sur, Chihuahua, Coahuila de Zaragoza,\u00a0Durango, Jalisco, Michoac\u00e1n de Ocampo, Nayarit, Nuevo Le\u00f3n, Puebla, Sinaloa, Sonora, Tamaulipas\u00a0y Zacatecas.<\/span><\/li>\n<li data-ada-original-font-size=\"14\" data-ada-original-font-weight=\"400\"><span data-ada-original-font-size=\"14\" data-ada-original-font-weight=\"400\" data-ada-not-tabbable=\"true\">El propietario debe presentar la manifestaci\u00f3n bajo protesta de decir verdad en el formato que se anexa al presente\u00a0decreto.<\/span><\/li>\n<li data-ada-original-font-size=\"14\" data-ada-original-font-weight=\"400\"><span data-ada-original-font-size=\"14\" data-ada-original-font-weight=\"400\" data-ada-not-tabbable=\"true\">Se debe pagar un aprovechamiento \u00fanico de $2,500.00 (dos mil quinientos pesos 00\/100 M.N.)<\/span><\/li>\n<\/ul>\n<p data-ada-original-font-size=\"14\" data-ada-original-font-weight=\"400\"><strong data-ada-original-font-size=\"14\"><span data-ada-original-font-size=\"14\" data-ada-not-tabbable=\"true\">Estos son los requisitos para generar una cita electr\u00f3nica para realizar la importaci\u00f3n definitiva de veh\u00edculos usados a M\u00e9xico:<\/span><\/strong><\/p>\n<ul>\n<li data-ada-original-font-size=\"14\" data-ada-original-font-weight=\"400\"><span data-ada-original-font-size=\"14\" data-ada-original-font-weight=\"400\" data-ada-not-tabbable=\"true\">CURP del solicitante (Clave \u00danica de Registro de Poblaci\u00f3n).<\/span><\/li>\n<li data-ada-original-font-size=\"14\" data-ada-original-font-weight=\"400\"><span data-ada-original-font-size=\"14\" data-ada-original-font-weight=\"400\" data-ada-not-tabbable=\"true\">NIV del veh\u00edculo (N\u00famero de Identificaci\u00f3n Vehicular).<\/span><\/li>\n<li data-ada-original-font-size=\"14\" data-ada-original-font-weight=\"400\"><span data-ada-original-font-size=\"14\" data-ada-original-font-weight=\"400\" data-ada-not-tabbable=\"true\">C\u00f3digo Postal.<\/span><\/li>\n<li data-ada-original-font-size=\"14\" data-ada-original-font-weight=\"400\"><span data-ada-original-font-size=\"14\" data-ada-original-font-weight=\"400\" data-ada-not-tabbable=\"true\">Correo Electr\u00f3nico.<\/span><\/li>\n<li data-ada-original-font-size=\"14\" data-ada-original-font-weight=\"400\"><span data-ada-original-font-size=\"14\" data-ada-original-font-weight=\"400\" data-ada-not-tabbable=\"true\">Tel\u00e9fono (fijo o celular).<\/span><\/li>\n<\/ul>\n<h3 data-ada-original-font-size=\"19\" data-ada-original-font-weight=\"500\" data-ada-not-tabbable=\"true\"><span data-ada-original-font-size=\"19\" data-ada-original-font-weight=\"500\" data-ada-not-tabbable=\"true\">Documentos para la importaci\u00f3n definitiva de veh\u00edculos<\/span><\/h3>\n<p data-ada-original-font-size=\"14\" data-ada-original-font-weight=\"400\"><span data-ada-original-font-size=\"14\" data-ada-original-font-weight=\"400\" data-ada-not-tabbable=\"true\">Estos son los documentos que necesitar\u00e1s para la importaci\u00f3n definitiva de veh\u00edculos usados a M\u00e9xico:<\/span><\/p>\n<ul>\n<li data-ada-original-font-size=\"14\" data-ada-original-font-weight=\"400\"><span data-ada-original-font-size=\"14\" data-ada-original-font-weight=\"400\" data-ada-not-tabbable=\"true\">El t\u00edtulo original (no tiene que estar a tu nombre).<\/span><\/li>\n<li data-ada-original-font-size=\"14\" data-ada-original-font-weight=\"400\"><span data-ada-original-font-size=\"14\" data-ada-original-font-weight=\"400\" data-ada-not-tabbable=\"true\">Tarjeta de residencia permanente.<\/span><\/li>\n<li data-ada-original-font-size=\"14\" data-ada-original-font-weight=\"400\"><span data-ada-original-font-size=\"14\" data-ada-original-font-weight=\"400\" data-ada-not-tabbable=\"true\">Foto de los kil\u00f3metros, calcoman\u00eda de informaci\u00f3n vehicular y veh\u00edculo.<\/span><\/li>\n<li data-ada-original-font-size=\"14\" data-ada-original-font-weight=\"400\"><span data-ada-original-font-size=\"14\" data-ada-original-font-weight=\"400\" data-ada-not-tabbable=\"true\">Deber\u00e1s contratar a un intermediario o agente aduanal que te ayude con el tr\u00e1mite (lo exige el Gobierno Mexicano).<\/span><\/li>\n<\/ul>\n<p data-ada-original-font-size=\"14\" data-ada-original-font-weight=\"400\"><span data-ada-original-font-size=\"14\" data-ada-original-font-weight=\"400\" data-ada-not-tabbable=\"true\">Ahora, si lo que buscas es el\u00a0<\/span><span data-ada-original-font-size=\"14\" data-ada-original-font-weight=\"400\"><a href=\"https:\/\/www.sanborns.com\/es-us\/blog\/permiso-de-importacion-temporal-de-vehiculos\/\" data-ada-original-font-size=\"14\" data-ada-original-font-weight=\"400\">permiso de importaci\u00f3n temporal de veh\u00edculos<\/a><\/span><span data-ada-original-font-size=\"14\" data-ada-original-font-weight=\"400\" data-ada-not-tabbable=\"true\">\u00a0puedes conocer todo lo relacionado a esto, como los requisitos, tr\u00e1mites, precios, etc., para la pr\u00f3xima vez que quieras viajar a M\u00e9xico en tu veh\u00edculo.<\/span><\/p>\n<p data-ada-original-font-size=\"14\" data-ada-original-font-weight=\"400\"><span data-ada-original-font-size=\"14\" data-ada-original-font-weight=\"400\" data-ada-not-tabbable=\"true\">Y si tu carro es financiado, tambi\u00e9n te decimos\u00a0<\/span><span data-ada-original-font-size=\"14\" data-ada-original-font-weight=\"400\"><a href=\"https:\/\/www.sanborns.com\/es-us\/blog\/como-llevar-un-carro-financiado-a-mexico\/\" data-ada-original-font-size=\"14\" data-ada-original-font-weight=\"400\">c\u00f3mo llevar un carro financiado a M\u00e9xico<\/a><\/span><span data-ada-original-font-size=\"14\" data-ada-original-font-weight=\"400\" data-ada-not-tabbable=\"true\">\u00a0y tener todo en regla en el vecino pa\u00eds.<\/span><\/p>\n<h2 data-ada-original-font-size=\"22\" data-ada-original-font-weight=\"500\" data-ada-not-tabbable=\"true\"><span data-ada-original-font-size=\"22\" data-ada-original-font-weight=\"500\" data-ada-not-tabbable=\"true\">Preguntas frecuentes sobre la regularizaci\u00f3n de veh\u00edculos usados a M\u00e9xico<\/span><\/h2>\n<p data-ada-original-font-size=\"14\" data-ada-original-font-weight=\"400\"><strong data-ada-original-font-size=\"14\"><span data-ada-original-font-size=\"14\" data-ada-not-tabbable=\"true\">\u00bfPara qu\u00e9 sirve el Registro P\u00fablico de Veh\u00edculos usados?<\/span><\/strong><\/p>\n<p data-ada-original-font-size=\"14\" data-ada-original-font-weight=\"400\"><span data-ada-original-font-size=\"14\" data-ada-original-font-weight=\"400\" data-ada-not-tabbable=\"true\">El Gobierno Federal de M\u00e9xico instaur\u00f3 el Registro P\u00fablico de Veh\u00edculos usados de procedencia extranjera con el objetivo de otorgar certeza\u00a0jur\u00eddica a los importadores o propietarios de dichos veh\u00edculos. As\u00ed como para combatir la delincuencia y proteger a\u00a0la ciudadan\u00eda ante el uso de veh\u00edculos no registrados e introducidos sin acreditar su legal estancia.<\/span><\/p>\n<p data-ada-original-font-size=\"14\" data-ada-original-font-weight=\"400\"><strong data-ada-original-font-size=\"14\"><span data-ada-original-font-size=\"14\" data-ada-not-tabbable=\"true\">\u00bfCu\u00e1l es la constancia de inscripci\u00f3n del Registro P\u00fablico de Veh\u00edculos en M\u00e9xico?<\/span><\/strong><\/p>\n<p data-ada-original-font-size=\"14\" data-ada-original-font-weight=\"400\"><span data-ada-original-font-size=\"14\" data-ada-original-font-weight=\"400\" data-ada-not-tabbable=\"true\">La constancia de inscripci\u00f3n es\u00a0una calcoman\u00eda con un dispositivo electr\u00f3nico que acredita el registro del veh\u00edculo.<\/span><\/p>\n<p data-ada-original-font-size=\"14\" data-ada-original-font-weight=\"400\"><span data-ada-original-font-size=\"14\" data-ada-original-font-weight=\"400\" data-ada-not-tabbable=\"true\">Ten en cuenta que no podr\u00e1s retirarla de\u00a0\u00e9ste en los t\u00e9rminos que establece el art\u00edculo 18 del Reglamento de la Ley del Registro P\u00fablico Vehicular.<\/span><\/p>\n<p data-ada-original-font-size=\"14\" data-ada-original-font-weight=\"400\"><strong data-ada-original-font-size=\"14\"><span data-ada-original-font-size=\"14\" data-ada-not-tabbable=\"true\">\u00bfCada cu\u00e1nto puedo hacer la importaci\u00f3n definitiva de veh\u00edculos usados a M\u00e9xico?<\/span><\/strong><\/p>\n<p data-ada-original-font-size=\"14\" data-ada-original-font-weight=\"400\"><span data-ada-original-font-size=\"14\" data-ada-original-font-weight=\"400\" data-ada-not-tabbable=\"true\">Podr\u00e1s hacer la regularizaci\u00f3n cada 12 meses, sin que debas inscribirte en el Padr\u00f3n de Importadores. Pero si necesitas importar m\u00e1s de un veh\u00edculo, deber\u00e1s inscribirte en el RFC y en el padr\u00f3n de importadores.<\/span><\/p>\n<p data-ada-original-font-size=\"14\" data-ada-original-font-weight=\"400\"><strong data-ada-original-font-size=\"14\"><span data-ada-original-font-size=\"14\" data-ada-not-tabbable=\"true\">\u00bfCu\u00e1nto cuesta el tr\u00e1mite de importaci\u00f3n de veh\u00edculos?<\/span><\/strong><\/p>\n<p data-ada-original-font-size=\"14\" data-ada-original-font-weight=\"400\"><span data-ada-original-font-size=\"14\" data-ada-original-font-weight=\"400\" data-ada-not-tabbable=\"true\">De acuerdo al\u00a0<\/span><span data-ada-original-font-size=\"14\" data-ada-original-font-weight=\"400\"><a href=\"https:\/\/www.dof.gob.mx\/nota_detalle.php?codigo=5676145&amp;fecha=29\/12\/2022#gsc.tab=0\" data-ada-original-font-size=\"14\" data-ada-original-font-weight=\"400\" target=\"_blank\" rel=\"noopener\">art\u00edculo 3 de la Reforma al Decreto<\/a><\/span><span data-ada-original-font-size=\"14\" data-ada-original-font-weight=\"400\" data-ada-not-tabbable=\"true\">, para realizar la importaci\u00f3n definitiva de un veh\u00edculo usado deber\u00e1s hacer un pago \u00fanico de $2,500.00 (dos mil quinientos pesos 00\/100 M.N.) por concepto de aprovechamiento, por los tr\u00e1mites correspondientes.<\/span><\/p>\n<p data-ada-original-font-size=\"14\" data-ada-original-font-weight=\"400\"><strong data-ada-original-font-size=\"14\"><span data-ada-original-font-size=\"14\" data-ada-not-tabbable=\"true\">\u00bfQu\u00e9 veh\u00edculos pueden ser regularizados?<\/span><\/strong><\/p>\n<p data-ada-original-font-size=\"14\" data-ada-original-font-weight=\"400\"><span data-ada-original-font-size=\"14\" data-ada-original-font-weight=\"400\" data-ada-not-tabbable=\"true\">Seg\u00fan el art\u00edculo 2 de la Reforma al Decreto, pueden ser regularizados los veh\u00edculos extranjeros de fabricaci\u00f3n o ensamble en M\u00e9xico, Estados Unidos de Am\u00e9rica o Canad\u00e1, conforme al N\u00famero de Identificaci\u00f3n Vehicular:<\/span><\/p>\n<p data-ada-original-font-size=\"14\" data-ada-original-font-weight=\"400\"><span data-ada-original-font-size=\"14\" data-ada-original-font-weight=\"400\" data-ada-not-tabbable=\"true\"><strong>Estados Unidos de Am\u00e9rica:<\/strong> 1, 4 o 5<\/span><\/p>\n<p data-ada-original-font-size=\"14\" data-ada-original-font-weight=\"400\"><span data-ada-original-font-size=\"14\" data-ada-original-font-weight=\"400\" data-ada-not-tabbable=\"true\"><strong>Canad\u00e1:<\/strong> 2<\/span><\/p>\n<p data-ada-original-font-size=\"14\" data-ada-original-font-weight=\"400\"><span data-ada-original-font-size=\"14\" data-ada-original-font-weight=\"400\" data-ada-not-tabbable=\"true\"><strong>M\u00e9xico:<\/strong> 3<\/span><\/p>\n<p data-ada-original-font-size=\"14\" data-ada-original-font-weight=\"400\"><strong data-ada-original-font-size=\"14\"><span data-ada-original-font-size=\"14\" data-ada-not-tabbable=\"true\">\u00bfCu\u00e1les veh\u00edculos no pueden importarse en forma definitiva a M\u00e9xico?<\/span><\/strong><\/p>\n<p data-ada-original-font-size=\"14\" data-ada-original-font-weight=\"400\"><span data-ada-original-font-size=\"14\" data-ada-original-font-weight=\"400\" data-ada-not-tabbable=\"true\">Seg\u00fan el art\u00edculo 5 del decreto, no pueden importarse en forma definitiva al territorio nacional ni otorg\u00e1rseles autorizaci\u00f3n\u00a0de legal estancia a los veh\u00edculos se\u00f1alados en que:<\/span><\/p>\n<ol>\n<li data-ada-original-font-size=\"14\" data-ada-original-font-weight=\"400\"><span data-ada-original-font-size=\"14\" data-ada-original-font-weight=\"400\" data-ada-not-tabbable=\"true\">Por sus caracter\u00edsticas o aspectos t\u00e9cnicos, est\u00e9 restringida o prohibida su circulaci\u00f3n en el pa\u00eds de\u00a0procedencia o en M\u00e9xico.<\/span><\/li>\n<li data-ada-original-font-size=\"14\" data-ada-original-font-weight=\"400\"><span data-ada-original-font-size=\"14\" data-ada-original-font-weight=\"400\" data-ada-not-tabbable=\"true\">Sean de lujo, deportivos o blindados.<\/span><\/li>\n<li data-ada-original-font-size=\"14\" data-ada-original-font-weight=\"400\"><span data-ada-original-font-size=\"14\" data-ada-original-font-weight=\"400\" data-ada-not-tabbable=\"true\">No cumplan con las condiciones f\u00edsico-mec\u00e1nicas o de protecci\u00f3n al medio ambiente, de conformidad\u00a0con las disposiciones federales o locales aplicables.<\/span><\/li>\n<li data-ada-original-font-size=\"14\" data-ada-original-font-weight=\"400\"><span data-ada-original-font-size=\"14\" data-ada-original-font-weight=\"400\" data-ada-not-tabbable=\"true\">Hayan sido reportados como robados.<\/span><\/li>\n<li data-ada-original-font-size=\"14\" data-ada-original-font-weight=\"400\"><span data-ada-original-font-size=\"14\" data-ada-original-font-weight=\"400\" data-ada-not-tabbable=\"true\">Est\u00e9n relacionados con alg\u00fan delito en alguna carpeta de investigaci\u00f3n o\u00a0proceso penal.<\/span><\/li>\n<\/ol>\n        <\/div>\r\n\n\n            <div class=\"o-component c-quote-options\">\r\n                                    <p class=\"c-quote-options__title\">En Sanborn\u2019s tenemos el seguro que necesitas para viajar a M\u00e9xico<\/p>\r\n                                                    <div class=\"c-quote-options__content s-cms-content\">\r\n                        <p data-ada-original-font-size=\"14\" data-ada-original-font-weight=\"400\"><span data-ada-original-font-size=\"14\" data-ada-original-font-weight=\"400\" data-ada-not-tabbable=\"true\">En Sanborn\u2019s M\u00e9xico Insurance podemos ayudarte a obtener un\u00a0<\/span><span data-ada-original-font-size=\"14\" data-ada-original-font-weight=\"400\"><a href=\"https:\/\/sanbornsmobileuat.bigpandasuite.com\/guestRedesing\" data-ada-original-font-size=\"14\" data-ada-original-font-weight=\"400\" target=\"_blank\" rel=\"noopener\">seguro de carro<\/a><\/span><span data-ada-original-font-size=\"14\" data-ada-original-font-weight=\"400\" data-ada-not-tabbable=\"true\">\u00a0al llegar a M\u00e9xico para que puedas cumplir con todos los requisitos legales y tambi\u00e9n a encontrar la\u00a0<\/span><span data-ada-original-font-size=\"14\" data-ada-original-font-weight=\"400\"><a href=\"https:\/\/www.sanborns.com\/es-us\/seguro-de-auto-en-mexico\/\" data-ada-original-font-size=\"14\" data-ada-original-font-weight=\"400\">cobertura que necesitas para conducir tu carro financiado hasta la frontera<\/a><\/span><span data-ada-original-font-size=\"14\" data-ada-original-font-weight=\"400\" data-ada-not-tabbable=\"true\">. Obt\u00e9n una\u00a0<\/span><span data-ada-original-font-size=\"14\" data-ada-original-font-weight=\"400\"><a href=\"https:\/\/sanbornsmobileuat.bigpandasuite.com\/guestRedesing\" data-ada-original-font-size=\"14\" data-ada-original-font-weight=\"400\" target=\"_blank\" rel=\"noopener\">cotizaci\u00f3n r\u00e1pida en l\u00ednea<\/a><\/span><span data-ada-original-font-size=\"14\" data-ada-original-font-weight=\"400\" data-ada-not-tabbable=\"true\">, llama al <a href=\"tel:800-222-0158\"><strong>800-222-0158<\/strong><\/a> o vis\u00edtanos en alguna\u00a0<\/span><span data-ada-original-font-size=\"14\" data-ada-original-font-weight=\"400\"><a href=\"https:\/\/locations.sanborns.com\/\" data-ada-original-font-size=\"14\" data-ada-original-font-weight=\"400\" target=\"_blank\" rel=\"noopener\">oficina<\/a><\/span><span data-ada-original-font-size=\"14\" data-ada-original-font-weight=\"400\" data-ada-not-tabbable=\"true\">. Sin importar por d\u00f3nde vayas a cruzar, puedes contar con uno de nuestros agentes.\u00a0<\/span><\/p>\n                    <\/div>\r\n                                                    <ul class=\"c-quote-options__list\">\r\n                                                                                                                            <li class=\"c-quote-options__item\">\r\n                                        <button class=\"c-quote-options__link js-modal-quote-trigger\" type=\"button\" aria-expanded=\"false\" aria-controls=\"modal-quote\"> \r\n                                            <img decoding=\"async\" class=\"c-quote-options__icon\" src=\"https:\/\/www.sanborns.com\/es-us\/blog\/wp-content\/uploads\/sites\/2\/2024\/12\/quote-online.svg\" alt=\"icono para cotizacion en linea\" aria-hidden=\"true\" loading=\"lazy\" width=\"80\" height=\"80\">\r\n                                            <span class=\"c-quote-options__text\">En l\u00ednea<\/span>\r\n                                        <\/button>\r\n                                    <\/li>                                   \r\n                                                                                                                                                                                                <li class=\"c-quote-options__item\">\r\n                                        <a class=\"c-quote-options__link\" href=\"tel:800-222-0158\"> \r\n                                            <img decoding=\"async\" class=\"c-quote-options__icon\" src=\"https:\/\/www.sanborns.com\/es-us\/blog\/wp-content\/uploads\/sites\/2\/2024\/12\/over-the-phone.svg\" alt=\"icono de por telefono\" aria-hidden=\"true\" loading=\"lazy\" width=\"80\" height=\"80\">\r\n                                            <div class=\"c-quote-options__text\">Por tel\u00e9fono<\/div>\r\n                                        <\/a>\r\n                                    <\/li>\r\n                                                                                                                                                                                                <li class=\"c-quote-options__item\">\r\n                                        <a class=\"c-quote-options__link\" href=\"https:\/\/locations.sanborns.com\/\" target=\"_blank\" rel=\"noopener\"> \r\n                                            <img decoding=\"async\" class=\"c-quote-options__icon\" src=\"https:\/\/www.sanborns.com\/es-us\/blog\/wp-content\/uploads\/sites\/2\/2024\/12\/visit-our-offices.svg\" alt=\"icono para visita nuestras oficinas\" aria-hidden=\"true\" loading=\"lazy\" width=\"80\" height=\"80\">\r\n                                            <div class=\"c-quote-options__text\">Vis\u00edtanos<\/div>\r\n                                        <\/a>\r\n                                    <\/li>\r\n                                                                                                                                        <\/ul>\r\n                  \r\n            <\/div>\r\n<div class=\"c-modal-quote js-modal-quote\" id=\"modal-quote\">\r\n    <div class=\"c-modal-quote__overlay js-modal-quote-overlay\"><\/div>\r\n    <div class=\"c-modal-quote__content\">\r\n        <button class=\"c-modal-quote__close js-modal-quote-close-button\" type=\"button\" aria-label=\"Close dialog\" title=\"Close\" aria-expanded=\"false\" aria-controls=\"modal-quote\">\r\n            <svg class=\"o-icon\" aria-hidden=\"true\" focusable=\"false\" role=\"img\">\r\n                <use href=\"https:\/\/www.sanborns.com\/es-us\/blog\/wp-content\/themes\/sanborns\/assets\/images\/icons.svg#icon-close\"><\/use>\r\n            <\/svg>\r\n        <\/button>\r\n        <p class=\"c-modal-quote__title\">\u00bfListo para cotizar?<\/p>\r\n                <div data-calendar-input data-vehicle-default-value=\"\" data-btn-text=\"Cotiza ahora\"><\/div>\r\n    <\/div>\r\n<\/div> ","protected":false},"excerpt":{"rendered":"","protected":false},"author":5,"featured_media":0,"comment_status":"open","ping_status":"open","sticky":false,"template":"","format":"standard","meta":{"_acf_changed":false,"footnotes":""},"categories":[10],"tags":[],"class_list":["post-737","post","type-post","status-publish","format-standard","hentry","category-requisitos-legales"],"acf":[],"_links":{"self":[{"href":"https:\/\/www.sanborns.com\/es-us\/blog\/wp-json\/wp\/v2\/posts\/737","targetHints":{"allow":["GET"]}}],"collection":[{"href":"https:\/\/www.sanborns.com\/es-us\/blog\/wp-json\/wp\/v2\/posts"}],"about":[{"href":"https:\/\/www.sanborns.com\/es-us\/blog\/wp-json\/wp\/v2\/types\/post"}],"author":[{"embeddable":true,"href":"https:\/\/www.sanborns.com\/es-us\/blog\/wp-json\/wp\/v2\/users\/5"}],"replies":[{"embeddable":true,"href":"https:\/\/www.sanborns.com\/es-us\/blog\/wp-json\/wp\/v2\/comments?post=737"}],"version-history":[{"count":6,"href":"https:\/\/www.sanborns.com\/es-us\/blog\/wp-json\/wp\/v2\/posts\/737\/revisions"}],"predecessor-version":[{"id":1102,"href":"https:\/\/www.sanborns.com\/es-us\/blog\/wp-json\/wp\/v2\/posts\/737\/revisions\/1102"}],"wp:attachment":[{"href":"https:\/\/www.sanborns.com\/es-us\/blog\/wp-json\/wp\/v2\/media?parent=737"}],"wp:term":[{"taxonomy":"category","embeddable":true,"href":"https:\/\/www.sanborns.com\/es-us\/blog\/wp-json\/wp\/v2\/categories?post=737"},{"taxonomy":"post_tag","embeddable":true,"href":"https:\/\/www.sanborns.com\/es-us\/blog\/wp-json\/wp\/v2\/tags?post=737"}],"curies":[{"name":"wp","href":"https:\/\/api.w.org\/{rel}","templated":true}]}}